{"id":3519,"date":"2026-08-30T18:25:12","date_gmt":"2026-08-30T16:25:12","guid":{"rendered":"https:\/\/mikolaj-parafia.pl\/?p=3519"},"modified":"2026-08-30T18:26:26","modified_gmt":"2026-08-30T16:26:26","slug":"xxii-niedziela-zwykla-30-08-2026","status":"publish","type":"post","link":"https:\/\/mikolaj-parafia.pl\/index.php\/2026\/08\/30\/xxii-niedziela-zwykla-30-08-2026\/","title":{"rendered":"XXII Niedziela Zwyk\u0142a  30.08.2026"},"content":{"rendered":"<p><img decoding=\"async\" class=\"wp-image-3520 aligncenter lazyload\" data-src=\"https:\/\/mikolaj-parafia.pl\/wp-content\/uploads\/2026\/08\/AdobeStock1694958818-3942844-300x158.jpeg\" alt=\"\" width=\"674\" height=\"355\" data-srcset=\"https:\/\/mikolaj-parafia.pl\/wp-content\/uploads\/2026\/08\/AdobeStock1694958818-3942844-300x158.jpeg 300w, https:\/\/mikolaj-parafia.pl\/wp-content\/uploads\/2026\/08\/AdobeStock1694958818-3942844-1024x538.jpeg 1024w, https:\/\/mikolaj-parafia.pl\/wp-content\/uploads\/2026\/08\/AdobeStock1694958818-3942844-768x403.jpeg 768w, https:\/\/mikolaj-parafia.pl\/wp-content\/uploads\/2026\/08\/AdobeStock1694958818-3942844.jpeg 1200w\" data-sizes=\"(max-width: 674px) 100vw, 674px\" src=\"data:image\/svg+xml;base64,PHN2ZyB3aWR0aD0iMSIgaGVpZ2h0PSIxIiB4bWxucz0iaHR0cDovL3d3dy53My5vcmcvMjAwMC9zdmciPjwvc3ZnPg==\" style=\"--smush-placeholder-width: 674px; --smush-placeholder-aspect-ratio: 674\/355;\" \/><\/p>\n<p>&nbsp;<\/p>\n<p>&nbsp;<\/p>\n<ol>\n<li>Do ko\u0144ca tego roku czeka nas kilka wydatk\u00f3w. Konieczne b\u0119dzie pokrycie wk\u0142adu w\u0142asnego za o\u0142tarz boczny M\u0119ki Pa\u0144skiej w wysoko\u015bci blisko 40 000 z\u0142. Nie uda\u0142o si\u0119 w tym roku pozyska\u0107 dotacji z gminy a z powiatu uda\u0142o si\u0119 otrzyma\u0107 10 000 z\u0142. Za ofiary na ten cel dzi\u0119kuj\u0119 Pa\u0144stwu Joli i Zbyszkowi Galochom oraz Monice i Sebastianowi Robaszkiewiczom<\/li>\n<\/ol>\n<p>&nbsp;<\/p>\n<ol start=\"2\">\n<li>W tym tygodniu przypada I czwartek i I pi\u0105tek miesi\u0105ca. W czwartek od 17.00 do 18.00 mo\u017cliwo\u015b\u0107 adoracji Naj\u015bwi\u0119tszego Sakramentu a o 18.00 msza \u015bwi\u0119ta w intencji Parafian i o powo\u0142ania kap\u0142a\u0144skie i zakonne. W pierwszy pi\u0105tek spowied\u017a przed msz\u0105 o godz. 18.00. W pierwsz\u0105 niedziel\u0119 miesi\u0105ca taca gospodarcza.<\/li>\n<\/ol>\n<p>&nbsp;<\/p>\n<ol start=\"3\">\n<li>Mo\u017cna zapisywa\u0107 dzieci do I Komunii \u015awi\u0119tej, kt\u00f3ra odb\u0119dzie si\u0119 w trzeci\u0105 niedziel\u0119 maja o godz. 11.00 a tak\u017ce do sakramentu bierzmowania od klasy VIII wzwy\u017c.<\/li>\n<\/ol>\n<p>&nbsp;<\/p>\n<ol start=\"4\">\n<li>Zach\u0119cam do czytania prasy katolickiej. S\u0105 nowe numery tygodnik\u00f3w katolickich: Niedziela, Go\u015b\u0107 Niedzielny. Og\u0142oszenia i intencje mszalne znajdziemy pod ch\u00f3rem w gablocie i na naszej stronie internetowej.<\/li>\n<\/ol>\n","protected":false},"excerpt":{"rendered":"<p>&nbsp; &nbsp; Do ko\u0144ca tego roku czeka nas kilka wydatk\u00f3w. Konieczne b\u0119dzie pokrycie wk\u0142adu w\u0142asnego za o\u0142tarz boczny M\u0119ki Pa\u0144skiej<\/p>\n","protected":false},"author":2,"featured_media":0,"comment_status":"closed","ping_status":"closed","sticky":false,"template":"","format":"standard","meta":{"ngg_post_thumbnail":0,"footnotes":""},"categories":[3],"tags":[],"class_list":["post-3519","post","type-post","status-publish","format-standard","hentry","category-informacje-duszpasterskie","comments-off"],"_links":{"self":[{"href":"https:\/\/mikolaj-parafia.pl\/index.php\/wp-json\/wp\/v2\/posts\/3519","targetHints":{"allow":["GET"]}}],"collection":[{"href":"https:\/\/mikolaj-parafia.pl\/index.php\/wp-json\/wp\/v2\/posts"}],"about":[{"href":"https:\/\/mikolaj-parafia.pl\/index.php\/wp-json\/wp\/v2\/types\/post"}],"author":[{"embeddable":true,"href":"https:\/\/mikolaj-parafia.pl\/index.php\/wp-json\/wp\/v2\/users\/2"}],"replies":[{"embeddable":true,"href":"https:\/\/mikolaj-parafia.pl\/index.php\/wp-json\/wp\/v2\/comments?post=3519"}],"version-history":[{"count":1,"href":"https:\/\/mikolaj-parafia.pl\/index.php\/wp-json\/wp\/v2\/posts\/3519\/revisions"}],"predecessor-version":[{"id":3521,"href":"https:\/\/mikolaj-parafia.pl\/index.php\/wp-json\/wp\/v2\/posts\/3519\/revisions\/3521"}],"wp:attachment":[{"href":"https:\/\/mikolaj-parafia.pl\/index.php\/wp-json\/wp\/v2\/media?parent=3519"}],"wp:term":[{"taxonomy":"category","embeddable":true,"href":"https:\/\/mikolaj-parafia.pl\/index.php\/wp-json\/wp\/v2\/categories?post=3519"},{"taxonomy":"post_tag","embeddable":true,"href":"https:\/\/mikolaj-parafia.pl\/index.php\/wp-json\/wp\/v2\/tags?post=3519"}],"curies":[{"name":"wp","href":"https:\/\/api.w.org\/{rel}","templated":true}]}}